{"id":423,"date":"2021-06-29T22:44:54","date_gmt":"2021-06-30T01:44:54","guid":{"rendered":"https:\/\/www.defesadacf88.ufscar.br\/?p=423"},"modified":"2021-06-29T22:44:54","modified_gmt":"2021-06-30T01:44:54","slug":"vamos-abrir-a-constituicao","status":"publish","type":"post","link":"https:\/\/www.defesadacf88.ufscar.br\/index.php\/2021\/06\/29\/vamos-abrir-a-constituicao\/","title":{"rendered":"Vamos abrir a Constitui\u00e7\u00e3o"},"content":{"rendered":"\n<p class=\"has-text-align-right\">Vin\u00edcio Carrilho Martinez<\/p>\n\n\n\n<p>Nesse dia de encerramento, convido a todas e todos a abrirem a CF88. <\/p>\n\n\n\n<p>Hoje, teremos apenas um encerramento formal de nossas atividades t\u00e9cnicas. Contudo, na<br>nossa vida n\u00e3o encerraremos nada. O curso foi e sempre ser\u00e1 uma porta (entre)aberta para<br>infind\u00e1veis proje\u00e7\u00f5es \u00e9ticas. <\/p>\n\n\n\n<p>O curso da CF88 est\u00e1 na nossa mente e em nosso canal no Youtube. Ele est\u00e1 gravado eticamente na vida de todos(as) n\u00f3s. <\/p>\n\n\n\n<p>Por isso, convidamos a reabrirmos a CF88. Porque o verbo \u201cencerrar\u201d conclui com um \u201cfechar\u201d, seguindo este tipo de deriva\u00e7\u00e3o daquilo que vem emprestado do espanhol: \u201ccerrar la puerta\u201d. <\/p>\n\n\n\n<p>Mas toda porta \u00e9 feita para se abrir e fechar. Hoje, n\u00f3s fechamos uma meta, um trabalho, mas n\u00f3s abrimos novos sonhos, em nossas proje\u00e7\u00f5es. <\/p>\n\n\n\n<p>Al\u00e9m do mais, \u00e9 \u00f3bvio que ningu\u00e9m \u201cencerrar\u00e1\u201d a CF88, porque ela est\u00e1 na hist\u00f3ria da Humanidade. \u00c9, at\u00e9 o momento em que escrevo, a melhor e mais prof\u00edcua Carta Pol\u00edtica j\u00e1 escrita, servindo de escada ou degrau \u00e9tico para todas as outras que vieram depois. <\/p>\n\n\n\n<p>A CF88 promulga nossa vit\u00f3ria \u2013 que n\u00e3o se confunde com as derrotas que a ela sucederam. <\/p>\n\n\n\n<p>Isto \u00e9, ela \u00e9 uma porta que estar\u00e1 sempre aberta \u2013 \u00e9 a Constitui\u00e7\u00e3o Cidad\u00e3, \u00e9 a Constitui\u00e7\u00e3o do Povo e a que mais se aproximou de t\u00ea-lo, o povo, como seu int\u00e9rprete. <\/p>\n\n\n\n<p>Nossa primeira miss\u00e3o no Curso da CF88 foi, precipuamente, demonstrar na pr\u00e1tica que o povo pode e deve ser o leg\u00edtimo int\u00e9rprete de sua Constitui\u00e7\u00e3o. <\/p>\n\n\n\n<p>Viemos a \u00eaxito porque, n\u00e3o bastasse o conhecimento pol\u00edtico-jur\u00eddico, efetivamente cumprimos com os des\u00edgnios de um real Princ\u00edpio Pedag\u00f3gico: l\u00ea-la e t\u00ea-la, a Constitui\u00e7\u00e3o Federal de 1988, para si, a fim de nos modificarmos, mas tamb\u00e9m para nos auxiliar na mudan\u00e7a do(a) Outro(a). <\/p>\n\n\n\n<p>Nosso curso demonstrou, com efic\u00e1cia, a a\u00e7\u00e3o desse Princ\u00edpio Pedag\u00f3gico, capaz de tornar o povo um int\u00e9rprete racional e \u00e9tico de sua Constitui\u00e7\u00e3o. <\/p>\n\n\n\n<p>Antes de irmos al\u00e9m, depois de seis meses, \u00e9 indispens\u00e1vel agradecer e homenagear a todas e todos que estiveram conosco.<\/p>\n\n\n\n<p>Quero agradecer em especial ao nosso grupo, \u00e0 rede de defensores(as) da CF88 que conseguimos constituir nesse tempo de curso. Quero agradecer a todas e todos que destinaram seu tempo, sua energia vital, seu conhecimento e suas esperan\u00e7as. Fa\u00e7o isso em nome de todas as pessoas que nos acompanharam pelas redes sociais. <\/p>\n\n\n\n<p>Quero agradecer tamb\u00e9m pelos seis meses de intensa conviv\u00eancia, de amizade e responsabilidade \u2013 com a vontade que s\u00f3 as pessoas jovens t\u00eam. Quero agradecer \u00e0s amigas e aos amigos que fizemos nesse tempo. Passamos juntos(as) por tudo, pela certeza de nossas ideias, pelas d\u00favidas e pelos receios quanto ao dia a dia de execu\u00e7\u00e3o do projeto. <\/p>\n\n\n\n<p>Quero agradecer porque nunca desistiram desse ideal, da nossa Utopia compartilhada e distribu\u00edda em miss\u00f5es e a\u00e7\u00f5es isoladas ou coletivas. Quero agradecer porque posso dizer que foi a miss\u00e3o mais importante da minha vida. E, como voc\u00eas, posso dizer que me tornei uma pessoa modificada, exatamente porque vivemos tudo isso juntos(as). \u00c0s vezes com estresse, medos; mas, na maioria das vezes, com esperan\u00e7a e determina\u00e7\u00e3o. <\/p>\n\n\n\n<p>Quero agradecer porque, poucas vezes na minha vida, pude relacionar t\u00e3o profundamente raz\u00e3o e emo\u00e7\u00e3o. Com a certeza da miss\u00e3o cumprida, posso dizer com muita seguran\u00e7a que compartilhamos essa sensa\u00e7\u00e3o. <\/p>\n\n\n\n<p>Cumprimos nossa meta \u2013 ler, entender e debater a Constitui\u00e7\u00e3o, integralmente \u2013, mas fomos al\u00e9m: criamos e demos formas a muitos outros projetos, concomitantemente. Al\u00e9m disso, cuidamos de pessoas \u2013 alimentamos suas motiva\u00e7\u00f5es mais sinceras e humanas \u2013 e projetamos novos passos, para 2021 e 2022. <\/p>\n\n\n\n<p>Fizemos algo bom, justo, \u00e9tico \u2013 com a melhor est\u00e9tica da natureza humana, de quem vive para a satisfa\u00e7\u00e3o da civilidade. Posso dizer que, nesses seis meses, n\u00f3s vivemos a civilidade entre n\u00f3s. Todos(as) n\u00f3s, o nosso grupo, nossos(as) convidados(as) e nossos(as) acompanhantes nesses 30 encontros. <\/p>\n\n\n\n<p>Os erros e imperfei\u00e7\u00f5es podem ser creditados a mim, como coordenador do projeto. No entanto, na defesa de nossa rede em prol da CF88, digo com muita tranquilidade: empreendemos o melhor de cada um, de cada uma, de n\u00f3s todos(as). <br><br>Seguimos \u00e0 risca o preceito socialista de Marx da realiza\u00e7\u00e3o do ser humano: \u201ca cada um, de acordo com sua necessidade; de cada um, de acordo com sua capacidade\u201d.<\/p>\n\n\n\n<p>Hoje, enfim, posso dizer que saio dessa jornada muito melhor do que entrei. Tamb\u00e9m posso dizer que nossa CF88 sai mais fortalecida, pois provamos que, mesmo para desferir ataques, \u00e9 preciso conhec\u00ea-la. <\/p>\n\n\n\n<p>Provamos que a CF88 tem como legado, precisamente, a conquista hist\u00f3rica e agregada dos direitos fundamentais e nos reservou o instrumental necess\u00e1rio \u00e0 defesa da democracia. <\/p>\n\n\n\n<p>Provamos que a CF88 \u2013 em sua imperfei\u00e7\u00e3o, como ato de cria\u00e7\u00e3o humana da d\u00e9cada de 1980 \u2013 \u00e9 mais forte do que a cr\u00edtica leviana ou confusa de quem insiste em n\u00e3o separar a pr\u00f3pria Constitui\u00e7\u00e3o da realidade pol\u00edtica que a cerca e que fez o nosso cerco. <\/p>\n\n\n\n<p>Provamos que a maior estultice que se pode cometer, a pior viola\u00e7\u00e3o que se pratica contra n\u00f3s todos (e todas), \u00e9 \u201cjogar o beb\u00ea com a \u00e1gua suja do banho\u201d. <\/p>\n\n\n\n<p>Provamos que idealistas e negacionistas se encontram no caminho de ida a um lugar incerto e n\u00e3o sabido, porque, em comum, t\u00eam o fato de n\u00e3o participarem da hist\u00f3ria e de nem entenderem o que \u00e9 hist\u00f3ria. <\/p>\n\n\n\n<p>N\u00f3s nos certificamos de demonstrar a viabilidade \u00e9tica da CF88, e isso corresponde ao eixo monumental da nossa Carta Pol\u00edtica de 1988. N\u00f3s fizemos um pouco de hist\u00f3ria e de Ci\u00eancia da CF88. <\/p>\n\n\n\n<p>Provamos que, para n\u00f3s, n\u00e3o existe Desintelig\u00eancia Constitucional; existe, sim, distopia cognitiva ou dislexia constitucional \u2013 notadamente \u2013 de quem n\u00e3o se d\u00e1 ao trabalho de desbaratar as confus\u00f5es de sua pr\u00f3pria cabe\u00e7a.<\/p>\n\n\n\n<p>Tamb\u00e9m provamos o \u00f3bvio: n\u00e3o se faz ci\u00eancia com \u201cpr\u00e9-conceitos\u201d, com impress\u00f5es e ideologias rasas de quem destr\u00f3i os acertos em nome dos erros (e que talvez sejam os seus pr\u00f3prios erros ou fal\u00eancias ressoando por a\u00ed\u2026o que n\u00e3o nos contamina, obviamente). <\/p>\n\n\n\n<p>Posso dizer, para encerrar, que me provei junto a voc\u00eas. N\u00f3s nos colocamos \u00e0 prova \u2013 e vencemos. Vencemos com intelig\u00eancia, vontade de fazer o bem \u2013 aquele Bem Republicano \u2013 e, por isso, nossa vit\u00f3ria \u00e9 e sempre ser\u00e1 um desafio: fazer ainda melhor o que viemos fazendo. <\/p>\n\n\n\n<p>Posso dizer, com absoluta certeza: s\u00f3 quem faz sabe como \u00e9 dif\u00edcil fazer. Foi assim, em 1986-1988, com os constituintes, foi assim em 2021, nessa releitura integral da CF88. <\/p>\n\n\n\n<p>Assim, me despe\u00e7o, por agora \u2013 para que possamos estar juntos(as) em breve, em outra Utopia constru\u00edda coletivamente e efetuada com civilidade e \u00e9tica. Afinal, s\u00e3o essas as premissas l\u00f3gicas da vida social.<\/p>\n\n\n\n<p>Por\u00e9m, antes de darmos prosseguimento, pe\u00e7o um minuto de sil\u00eancio pelas centenas de milhares de mortes que poderiam ter sido evitadas se houvesse intelig\u00eancia social e n\u00e3o se programasse a pol\u00edtica como a\u00e7\u00e3o do Necrofascismo: o negacionismo, a desintelig\u00eancia social, a mitiga\u00e7\u00e3o da vida, ou seja, esse verdadeiro Democ\u00eddio praticado diuturnamente.<br>\u2026<br>S\u00e3o Carlos-SP, 22.06.2021.<\/p>\n","protected":false},"excerpt":{"rendered":"<p>Vin\u00edcio Carrilho Martinez Nesse dia de encerramento, convido a todas e todos a abrirem a CF88. Hoje, teremos apenas um encerramento formal de nossas atividades &hellip; <\/p>\n","protected":false},"author":2,"featured_media":0,"comment_status":"open","ping_status":"open","sticky":false,"template":"","format":"standard","meta":[],"categories":[1],"tags":[],"_links":{"self":[{"href":"https:\/\/www.defesadacf88.ufscar.br\/index.php\/wp-json\/wp\/v2\/posts\/423"}],"collection":[{"href":"https:\/\/www.defesadacf88.ufscar.br\/index.php\/wp-json\/wp\/v2\/posts"}],"about":[{"href":"https:\/\/www.defesadacf88.ufscar.br\/index.php\/wp-json\/wp\/v2\/types\/post"}],"author":[{"embeddable":true,"href":"https:\/\/www.defesadacf88.ufscar.br\/index.php\/wp-json\/wp\/v2\/users\/2"}],"replies":[{"embeddable":true,"href":"https:\/\/www.defesadacf88.ufscar.br\/index.php\/wp-json\/wp\/v2\/comments?post=423"}],"version-history":[{"count":1,"href":"https:\/\/www.defesadacf88.ufscar.br\/index.php\/wp-json\/wp\/v2\/posts\/423\/revisions"}],"predecessor-version":[{"id":424,"href":"https:\/\/www.defesadacf88.ufscar.br\/index.php\/wp-json\/wp\/v2\/posts\/423\/revisions\/424"}],"wp:attachment":[{"href":"https:\/\/www.defesadacf88.ufscar.br\/index.php\/wp-json\/wp\/v2\/media?parent=423"}],"wp:term":[{"taxonomy":"category","embeddable":true,"href":"https:\/\/www.defesadacf88.ufscar.br\/index.php\/wp-json\/wp\/v2\/categories?post=423"},{"taxonomy":"post_tag","embeddable":true,"href":"https:\/\/www.defesadacf88.ufscar.br\/index.php\/wp-json\/wp\/v2\/tags?post=423"}],"curies":[{"name":"wp","href":"https:\/\/api.w.org\/{rel}","templated":true}]}}